{"id":1401,"date":"2018-10-18T18:27:19","date_gmt":"2018-10-18T18:27:19","guid":{"rendered":"http:\/\/eelive.ma\/?p=1401"},"modified":"2019-02-20T18:44:11","modified_gmt":"2019-02-20T18:44:11","slug":"maroc-afrique-les-fondamentaux-dun-partenariat-agricole-gagnant","status":"publish","type":"post","link":"http:\/\/eelive.ma\/?p=1401","title":{"rendered":"MAROC AFRIQUE Les fondamentaux d\u2019un partenariat agricole gagnant"},"content":{"rendered":"<div class=\"flex_column av_one_fifth  flex_column_div av-zero-column-padding first  \" style='border-radius:0px; '><\/div>\n<div class=\"flex_column av_three_fifth  flex_column_div av-zero-column-padding   \" style='border-radius:0px; '><p><div style='padding-bottom:10px;font-size:32px;' class='av-special-heading av-special-heading-h1  blockquote modern-quote  av-inherit-size'><h1 class='av-special-heading-tag'  itemprop=\"headline\"  >Le Maroc dans l\u2019\u00e9chiquier agricole africain<\/h1><div class ='av-subheading av-subheading_below ' style='font-size:15px;'><p>18\/10\/2018 Palmeraie Country Club &#8211; Casablanca<\/p>\n<\/div><div class='special-heading-border'><div class='special-heading-inner-border' ><\/div><\/div><\/div><br \/>\n<div style='height:15px' class='hr hr-invisible '><span class='hr-inner ' ><span class='hr-inner-style'><\/span><\/span><\/div><br \/>\n<div class='avia-gallery avia-gallery-1 deactivate_avia_lazyload avia_animate_when_visible '  itemscope=\"itemscope\" itemtype=\"https:\/\/schema.org\/ImageObject\" ><a class='avia-gallery-big fakeLightbox avianolink noLightbox avia-gallery-big-no-crop-thumb ' href='http:\/\/eelive.ma\/wp-content\/uploads\/2019\/02\/Le-Maroc-dans-l\u2019e\u0301chiquier-agricole-africain.jpg?v=1676021513'  data-onclick='1' title='' ><span class='avia-gallery-big-inner'  itemprop=\"contentURL\" >\t<img width='1024' height='682' src='http:\/\/eelive.ma\/wp-content\/uploads\/2019\/02\/Le-Maroc-dans-l\u2019e\u0301chiquier-agricole-africain.jpg?v=1676021513' title='Le-Maroc-dans-l\u2019e\u0301chiquier-agricole-africain' alt='' \/><\/span><\/a><div class='avia-gallery-thumb'> <a href='http:\/\/eelive.ma\/wp-content\/uploads\/2019\/02\/Le-Maroc-dans-l\u2019e\u0301chiquier-agricole-africain.jpg?v=1676021513' data-rel='gallery-1' data-prev-img='http:\/\/eelive.ma\/wp-content\/uploads\/2019\/02\/Le-Maroc-dans-l\u2019e\u0301chiquier-agricole-africain.jpg?v=1676021513' class='first_thumb avianolink noLightbox ' data-onclick='1' title=''  itemprop=\"contentURL\" ><img  src='http:\/\/eelive.ma\/wp-content\/uploads\/2019\/02\/Le-Maroc-dans-l\u2019e\u0301chiquier-agricole-africain-495x400.jpg?v=1676021513' width='495' height='400'  title='Le-Maroc-dans-l\u2019e\u0301chiquier-agricole-africain' alt='' \/><\/a> <a href='http:\/\/eelive.ma\/wp-content\/uploads\/2019\/02\/EE-Live-Maroc-Afrique-partenariat-Agricol-KAMAL-MOKDAD-DG-INTERNATIONAL-BCP-OMAR-BENAYACHI-DG-ZALAR-HOLDING-1030x687.jpg?v=1676021527' data-rel='gallery-1' data-prev-img='http:\/\/eelive.ma\/wp-content\/uploads\/2019\/02\/EE-Live-Maroc-Afrique-partenariat-Agricol-KAMAL-MOKDAD-DG-INTERNATIONAL-BCP-OMAR-BENAYACHI-DG-ZALAR-HOLDING.jpg?v=1676021527' class='avianolink noLightbox ' data-onclick='2' title=''  itemprop=\"contentURL\" ><img  src='http:\/\/eelive.ma\/wp-content\/uploads\/2019\/02\/EE-Live-Maroc-Afrique-partenariat-Agricol-KAMAL-MOKDAD-DG-INTERNATIONAL-BCP-OMAR-BENAYACHI-DG-ZALAR-HOLDING-495x400.jpg?v=1676021527' width='495' height='400'  title='EE Live - Maroc Afrique partenariat Agricol - KAMAL MOKDAD, DG INTERNATIONAL BCP - OMAR BENAYACHI DG ZALAR HOLDING' alt='' \/><\/a> <a href='http:\/\/eelive.ma\/wp-content\/uploads\/2019\/02\/EE-Live-Maroc-Afrique-partenariat-Agricol-KARIM-CHIOUAR-DG-HOLMARCOM-1030x687.jpg?v=1676021530' data-rel='gallery-1' data-prev-img='http:\/\/eelive.ma\/wp-content\/uploads\/2019\/02\/EE-Live-Maroc-Afrique-partenariat-Agricol-KARIM-CHIOUAR-DG-HOLMARCOM.jpg?v=1676021530' class='avianolink noLightbox ' data-onclick='3' title=''  itemprop=\"contentURL\" ><img  src='http:\/\/eelive.ma\/wp-content\/uploads\/2019\/02\/EE-Live-Maroc-Afrique-partenariat-Agricol-KARIM-CHIOUAR-DG-HOLMARCOM-495x400.jpg?v=1676021530' width='495' height='400'  title='EE Live - Maroc Afrique partenariat Agricol - KARIM CHIOUAR, DG HOLMARCOM' alt='' \/><\/a> <a href='http:\/\/eelive.ma\/wp-content\/uploads\/2019\/02\/EE-Live-Maroc-Afrique-partenariat-Agricol-ABDOU-DIOP-MANAGING-PARTNER-MAZARS-HASSAN-BENABDERRAZIK-MME-OUARZANE-ADA-1030x687.jpg?v=1676021519' data-rel='gallery-1' data-prev-img='http:\/\/eelive.ma\/wp-content\/uploads\/2019\/02\/EE-Live-Maroc-Afrique-partenariat-Agricol-ABDOU-DIOP-MANAGING-PARTNER-MAZARS-HASSAN-BENABDERRAZIK-MME-OUARZANE-ADA.jpg?v=1676021519' class='avianolink noLightbox ' data-onclick='4' title=''  itemprop=\"contentURL\" ><img  src='http:\/\/eelive.ma\/wp-content\/uploads\/2019\/02\/EE-Live-Maroc-Afrique-partenariat-Agricol-ABDOU-DIOP-MANAGING-PARTNER-MAZARS-HASSAN-BENABDERRAZIK-MME-OUARZANE-ADA-495x400.jpg?v=1676021519' width='495' height='400'  title='EE Live - Maroc Afrique partenariat Agricol - ABDOU DIOP, MANAGING PARTNER MAZARS - HASSAN BENABDERRAZIK - MME OUARZANE, ADA' alt='' \/><\/a> <a href='http:\/\/eelive.ma\/wp-content\/uploads\/2019\/02\/EE-Live-Maroc-Afrique-partenariat-Agricol-FLORENCE-MARIE-ROLLE-REPRE\u0301SENTANTE-FAO-MAROC-1030x687.jpg?v=1676021524' data-rel='gallery-1' data-prev-img='http:\/\/eelive.ma\/wp-content\/uploads\/2019\/02\/EE-Live-Maroc-Afrique-partenariat-Agricol-FLORENCE-MARIE-ROLLE-REPRE\u0301SENTANTE-FAO-MAROC.jpg?v=1676021524' class='avianolink noLightbox ' data-onclick='5' title=''  itemprop=\"contentURL\" ><img  src='http:\/\/eelive.ma\/wp-content\/uploads\/2019\/02\/EE-Live-Maroc-Afrique-partenariat-Agricol-FLORENCE-MARIE-ROLLE-REPRE\u0301SENTANTE-FAO-MAROC-495x400.jpg?v=1676021524' width='495' height='400'  title='EE Live - Maroc Afrique partenariat Agricol - FLORENCE MARIE ROLLE - REPRE\u0301SENTANTE FAO MAROC' alt='' \/><\/a> <a href='http:\/\/eelive.ma\/wp-content\/uploads\/2019\/02\/EE-Live-Maroc-Afrique-partenariat-Agricol-ECONOMISTE-EN-CHEF-MAROC-BANQUE-AFRICAINE-DE-DE\u0301VELOPPEMENT-1030x687.jpg?v=1676021522' data-rel='gallery-1' data-prev-img='http:\/\/eelive.ma\/wp-content\/uploads\/2019\/02\/EE-Live-Maroc-Afrique-partenariat-Agricol-ECONOMISTE-EN-CHEF-MAROC-BANQUE-AFRICAINE-DE-DE\u0301VELOPPEMENT.jpg?v=1676021522' class='avianolink noLightbox ' data-onclick='6' title=''  itemprop=\"contentURL\" ><img  src='http:\/\/eelive.ma\/wp-content\/uploads\/2019\/02\/EE-Live-Maroc-Afrique-partenariat-Agricol-ECONOMISTE-EN-CHEF-MAROC-BANQUE-AFRICAINE-DE-DE\u0301VELOPPEMENT-495x400.jpg?v=1676021522' width='495' height='400'  title='EE Live - Maroc Afrique partenariat Agricol - ECONOMISTE EN CHEF MAROC, BANQUE AFRICAINE DE DE\u0301VELOPPEMENT' alt='' \/><\/a><\/div><\/div><br \/>\n<div style='height:15px' class='hr hr-invisible '><span class='hr-inner ' ><span class='hr-inner-style'><\/span><\/span><\/div><br \/>\n<section class=\"av_textblock_section\"  itemscope=\"itemscope\" itemtype=\"https:\/\/schema.org\/BlogPosting\" itemprop=\"blogPost\" ><div class='avia_textblock '   itemprop=\"text\" ><p class=\"p1\"><strong><span class=\"s1\">La r\u00e9alit\u00e9 agricole africaine et le r\u00f4le que pourrait y jouer le Maroc en tant que force industrialisante et mod\u00e8le de d\u00e9veloppement ont \u00e9t\u00e9 au c\u0153ur des d\u00e9bats lors de l\u2019\u00e9v\u00e9nement EE\u2009Live organis\u00e9 par Economie Entreprises, le jeudi 18 octobre 2018 \u00e0 Casablanca.<\/span><\/strong><\/p>\n<p class=\"p1\">Le continent africain recense 65% des terres arables non cultiv\u00e9es de la plan\u00e8te. Faibles revenus et famines en cas de guerre ou catastrophe naturelle sont cependant le lot de plusieurs pays du continent. Dans ce contexte, la perspective d\u2019une zone de libre \u00e9change continentale (Zleca) fait na\u00eetre l\u2019espoir d\u2019une circulation plus fluide des produits agricoles \u00e0 m\u00eame d\u2019annihiler le spectre de la famine. La r\u00e9ussite de ce qui est un v\u00e9ritable pari passe par la mise en place d\u2019un bon nombre de gardes fous: \u00abIl faut en effet veiller \u00e0 ne pas \u00eatre trop protectionniste, en \u00e9tant clair sur les notions de r\u00e8gles d\u2019origine ou encore sur les exclusions d\u00e9j\u00e0 pr\u00e9vues pour que la Zleca ne soit pas vid\u00e9e de tout son sens\u00bb, explique Abdou Diop, directeur associ\u00e9 au cabinet Mazars. Hassan Benabderrazik, \u00e9conomiste et directeur g\u00e9n\u00e9ral d\u2019Agro Concept, consid\u00e8re quant \u00e0 lui que \u00abnous sommes confront\u00e9s \u00e0 une contradiction importante o\u00f9 la plupart des pays d\u2019Afrique subsaharienne sont protectionnistes alors que nous sommes dans une lib\u00e9ralisation tr\u00e8s avanc\u00e9e avec les diff\u00e9rents accords de libre-\u00e9change, dont celui avec l\u2019Union europ\u00e9enne. Ce qui implique qu\u2019il faudra trouver des points originaux et adapt\u00e9s \u00e0 la relation (dict\u00e9e par la Zleca, ndlr)\u00bb.<\/p>\n<blockquote>\n<p class=\"p1\"><span class=\"s1\"><b>Pour Abdou Diop, le Maroc peut \u00eatre un acteur de la transformation agricole dans les autres pays du continent.<\/b><\/span><\/p>\n<\/blockquote>\n<p class=\"p2\"><strong>Un march\u00e9 de 1 milliard de consommateurs<br \/>\n<\/strong>Fort heureusement, un pr\u00e9alable existe, et c\u2019est la volont\u00e9 des 54 pays africains \u2013 repr\u00e9sentant un march\u00e9 d\u2019un milliard d\u2019individus \u2013 d\u2019\u00e9tablir cette Zleca. Abdou Diop souligne \u00e0 juste titre que \u00ables Africains ne veulent plus \u00eatre un march\u00e9, mais leur propre march\u00e9: [Pour le servir], il est essentiel de d\u00e9velopper l\u2019industrie africaine dans les ann\u00e9es \u00e0 venir, afin qu\u2019il y ait des produits \u00e0 \u00e9changer et que les infrastructures puissent permettre ce libre commerce\u00bb. Il pr\u00e9cise \u00e9galement que le Maroc a un r\u00f4le \u00e0 jouer: \u00abGr\u00e2ce \u00e0 son industrie agricole qui produit beaucoup de produits transform\u00e9s, il peut \u00eatre un acteur de la transformation agricole dans les autres pays du continent\u00bb. D\u2019ailleurs, deux des grands groupes marocains implant\u00e9s sur le continent en t\u00e9moignent: Zalar Holding et Holmarcom. Le premier est pr\u00e9sent au S\u00e9n\u00e9gal avec un projet d\u2019aviculture port\u00e9 par sa filiale Zalar Africa, tandis que le second compte trois filiales dont une au B\u00e9nin dans le secteur de l\u2019eau min\u00e9rale (ETE),<span class=\"Apple-converted-space\">\u00a0\u00a0<\/span>(doublement de la capacit\u00e9 de production depuis la prise de participation majoritaire), une deuxi\u00e8me en C\u00f4te d\u2019Ivoire dans la transformation de noix de cajou (D\u00e9nia Ivoire en JV avec une entreprise locale qui d\u00e9marre de z\u00e9ro) et Mass C\u00e9r\u00e9ales aux \u00eeles Canaries, mais qui est encore en phase d\u2019installation. Quand bien m\u00eame ces investissements sont consid\u00e9r\u00e9s comme \u00abune aventure extraordinaire permettant aux entreprises marocaines de se d\u00e9velopper au-del\u00e0 de leurs fronti\u00e8res, dans des march\u00e9s qui sont moins matures avec des rentabilit\u00e9s plus importantes\u00bb, Karim Chiouar, directeur g\u00e9n\u00e9ral du groupe Holmarcom, ne manque pas de souligner que ces exp\u00e9riences comportent quelques risques. Omar Benayachi, directeur g\u00e9n\u00e9ral de Zalar Holding, abonde dans ce sens, mettant en avant notamment des probl\u00e8mes d\u2019acc\u00e8s au foncier ou encore les craintes des petits producteurs locaux. Ceci \u00e9tant, les deux dirigeants insistent sur l\u2019importance de bien choisir son partenaire. \u00abPour rassurer les producteurs locaux d\u2019aviculture au S\u00e9n\u00e9gal, c\u2019est notre partenaire qui a pris la parole et cela a \u00e9t\u00e9 d\u2019une grande utilit\u00e9\u00bb, r\u00e9v\u00e8le Benayachi. Pour sa part, Chiouar estime que \u00able partenaire qui va accompagner le d\u00e9veloppement doit permettre \u00e0 l\u2019entreprise marocaine d\u2019avoir tout de suite un enracinement dans le pays dans lequel elle s\u2019installe, des r\u00e9seaux, la possibilit\u00e9 de se d\u00e9velopper et de naviguer dans les arcanes de l\u2019Administration entre autres. Il faut \u00e9galement faire appel \u00e0 sa banque\u00bb. C\u2019est \u00e0 elle de \u00abmettre \u00e0 disposition du client ses connaissances du march\u00e9 et des donn\u00e9es permettant d\u2019asseoir la r\u00e9alit\u00e9 du terrain et de lui proposer une mise en relation efficace\u00bb, estime Kamal Mokdad, directeur en charge de l\u2019international \u00e0 BCP.<\/p>\n<p class=\"p3\"><strong>Le PMV source d\u2019inspiration<br \/>\n<\/strong>En plus des investissements directs, le Maroc inspire les \u00e9conomies africaines dans le domaine agricole. Plusieurs pays ont par exemple dupliqu\u00e9 l\u2019exp\u00e9rience du Plan Maroc vert. D\u2019apr\u00e8s Saida Ouarzane, chef de division de l\u2019agr\u00e9gation \u00e0 l\u2019Agence pour le d\u00e9veloppement agricole, \u00abdepuis 2009, pr\u00e8s d\u2019une centaine de missions ont \u00e9t\u00e9 effectu\u00e9es dans des pays partenaires du continent. Elles ont port\u00e9 sur le transfert de technologie, mais aussi sur l\u2019assistance technique et financi\u00e8re pour le d\u00e9veloppement agricole et durable. Des conventions ont \u00e9t\u00e9 sign\u00e9es en 2014 avec notamment le Gabon, la C\u00f4te d\u2019Ivoire et la Guin\u00e9e Conakry, des pays tr\u00e8s int\u00e9ress\u00e9s par l\u2019exp\u00e9rience du plan Maroc Vert et par l\u2019agr\u00e9gation\u00bb. Une d\u00e9marche que le Maroc m\u00e8ne avec l\u2019accompagnement de la FAO. Selon Florence Marie Rolle, repr\u00e9sentante de l\u2019Organisation des Nations unies pour l\u2019alimentation et l\u2019agriculture (FAO) au Maroc, le minist\u00e8re de l\u2019Agriculture a sollicit\u00e9 la FAO pour stimuler la coop\u00e9ration Sud-Sud dans le domaine agricole. \u00abNous avons un programme comptant plus de 8 pays qui ont manifest\u00e9 leur int\u00e9r\u00eat pour cette coop\u00e9ration Sud-Sud avec le Maroc. Nous avons actuellement une mission d\u2019experts marocains qui partent au Swaziland pour des probl\u00e8mes de strat\u00e9gie dans le domaine de l\u2019irrigation, nous avons aussi re\u00e7u une mission malienne dans le cadre des \u00e9changes de connaissances et d\u2019exp\u00e9rience dans le domaine des agropoles\u00bb, pr\u00e9cise Rolle. Pour autant, il faut raison garder; le rapprochement entre le Maroc et le continent en est \u00e0 ses balbutiements, seul l\u2019avenir nous dira si la greffe prend.<\/p>\n<p class=\"p3\">Source: <a href=\"http:\/\/economie-entreprises.com\/2018\/11\/04\/le-maroc-dans-lechiquier-agricole-africain\/\">Economie Entreprises<\/a><\/p>\n<\/div><\/section><br \/>\n<div style='height:15px' class='hr hr-invisible '><span class='hr-inner ' ><span class='hr-inner-style'><\/span><\/span><\/div><br \/>\n<div class='av-social-sharing-box  av-social-sharing-box-minimal'><div class='av-share-box'><h5 class='av-share-link-description'>Partager cet article<\/h5><ul class='av-share-box-list noLightbox'><li class='av-share-link av-social-link-facebook' ><a target='_blank' href='http:\/\/www.facebook.com\/sharer.php?u=http:\/\/eelive.ma\/?p=1401&amp;t=MAROC%20AFRIQUE%20Les%20fondamentaux%20d%E2%80%99un%20partenariat%20agricole%20gagnant' aria-hidden='true' data-av_icon='\ue8f3' data-av_iconfont='entypo-fontello' title='' data-avia-related-tooltip='Partager sur Facebook'><span class='avia_hidden_link_text'>Partager sur Facebook<\/span><\/a><\/li><li class='av-share-link av-social-link-twitter' ><a target='_blank' href='https:\/\/twitter.com\/share?text=MAROC%20AFRIQUE%20Les%20fondamentaux%20d%E2%80%99un%20partenariat%20agricole%20gagnant&url=http:\/\/eelive.ma\/?p=1401' aria-hidden='true' data-av_icon='\ue8f1' data-av_iconfont='entypo-fontello' title='' data-avia-related-tooltip='Partager sur Twitter'><span class='avia_hidden_link_text'>Partager sur Twitter<\/span><\/a><\/li><li class='av-share-link av-social-link-linkedin' ><a target='_blank' href='http:\/\/linkedin.com\/shareArticle?mini=true&amp;title=MAROC%20AFRIQUE%20Les%20fondamentaux%20d%E2%80%99un%20partenariat%20agricole%20gagnant&amp;url=http:\/\/eelive.ma\/?p=1401' aria-hidden='true' data-av_icon='\ue8fc' data-av_iconfont='entypo-fontello' title='' data-avia-related-tooltip='Partager sur Linkedin'><span class='avia_hidden_link_text'>Partager sur Linkedin<\/span><\/a><\/li><li class='av-share-link av-social-link-mail' ><a  href='mailto:?subject=MAROC%20AFRIQUE%20Les%20fondamentaux%20d%E2%80%99un%20partenariat%20agricole%20gagnant&amp;body=http:\/\/eelive.ma\/?p=1401' aria-hidden='true' data-av_icon='\ue805' data-av_iconfont='entypo-fontello' title='' data-avia-related-tooltip='Partager par Mail'><span class='avia_hidden_link_text'>Partager par Mail<\/span><\/a><\/li><\/ul><\/div><\/div><\/p><\/div><div class=\"flex_column av_one_fifth  flex_column_div av-zero-column-padding   \" style='border-radius:0px; '><\/div><\/p>\n","protected":false},"excerpt":{"rendered":"","protected":false},"author":1,"featured_media":1402,"comment_status":"open","ping_status":"open","sticky":false,"template":"","format":"standard","meta":{"footnotes":""},"categories":[45],"tags":[],"_links":{"self":[{"href":"http:\/\/eelive.ma\/index.php?rest_route=\/wp\/v2\/posts\/1401"}],"collection":[{"href":"http:\/\/eelive.ma\/index.php?rest_route=\/wp\/v2\/posts"}],"about":[{"href":"http:\/\/eelive.ma\/index.php?rest_route=\/wp\/v2\/types\/post"}],"author":[{"embeddable":true,"href":"http:\/\/eelive.ma\/index.php?rest_route=\/wp\/v2\/users\/1"}],"replies":[{"embeddable":true,"href":"http:\/\/eelive.ma\/index.php?rest_route=%2Fwp%2Fv2%2Fcomments&post=1401"}],"version-history":[{"count":2,"href":"http:\/\/eelive.ma\/index.php?rest_route=\/wp\/v2\/posts\/1401\/revisions"}],"predecessor-version":[{"id":1411,"href":"http:\/\/eelive.ma\/index.php?rest_route=\/wp\/v2\/posts\/1401\/revisions\/1411"}],"wp:featuredmedia":[{"embeddable":true,"href":"http:\/\/eelive.ma\/index.php?rest_route=\/wp\/v2\/media\/1402"}],"wp:attachment":[{"href":"http:\/\/eelive.ma\/index.php?rest_route=%2Fwp%2Fv2%2Fmedia&parent=1401"}],"wp:term":[{"taxonomy":"category","embeddable":true,"href":"http:\/\/eelive.ma\/index.php?rest_route=%2Fwp%2Fv2%2Fcategories&post=1401"},{"taxonomy":"post_tag","embeddable":true,"href":"http:\/\/eelive.ma\/index.php?rest_route=%2Fwp%2Fv2%2Ftags&post=1401"}],"curies":[{"name":"wp","href":"https:\/\/api.w.org\/{rel}","templated":true}]}}